{"id":550,"date":"2015-06-28T10:25:06","date_gmt":"2015-06-28T09:25:06","guid":{"rendered":"https:\/\/maximecoton.net\/?p=550"},"modified":"2019-08-01T16:06:41","modified_gmt":"2019-08-01T14:06:41","slug":"lettre-a-mes-enfants-et-aux-enfants-du-monde-a-venir-raoul-vaneigem","status":"publish","type":"post","link":"https:\/\/maximecoton.net\/index.php\/2015\/06\/28\/lettre-a-mes-enfants-et-aux-enfants-du-monde-a-venir-raoul-vaneigem\/","title":{"rendered":"Lettre \u00e0 mes enfants et aux enfants du monde \u00e0 venir &#8211; Raoul Vaneigem"},"content":{"rendered":"<p>Pourtant, il faudra bien s&rsquo;aviser t\u00f4t ou tard de l&rsquo;ambigu\u00eft\u00e9 de la culture, voire de son imposture, car elle n&rsquo;est rien d&rsquo;autre qu&rsquo;une entreprise d&rsquo;usurpation du savoir.<\/p>\n<p><!--more--><\/p>\n<p>N&rsquo;est-elle pas le fruit de l&rsquo;ali\u00e9nation qui fonde la s\u00e9paration de l&rsquo;homme avec lui-m\u00eame : la transformation de la force de vie en force de travail, d&rsquo;o\u00f9 proc\u00e8de la division entre travail intellectuel et manuel, laquelle accorde \u00e0 la t\u00eate la ma\u00eetrise du corps et place la mati\u00e8re terrestre sous le joug de l&rsquo;esprit ?<\/p>\n<p>En ce qu&rsquo;elle est un syst\u00e8me de pens\u00e9e s\u00e9par\u00e9e de la vie &#8211; une id\u00e9ologie &#8211; la culture est, <em>nolens volens, <\/em>un instrument de domination. S&rsquo;\u00e9tonnera-t-on qu&rsquo;elle porte en elle le germe de ce populisme qui la m\u00e9prise ?\u00a0\u00bb<\/p>\n<p><em>Lettre \u00e0 mes enfants et aux enfants du monde \u00e0 venir &#8211; Raoul Vaneigem, \u00e9d. Cherche Midi.<\/em><\/p>\n","protected":false},"excerpt":{"rendered":"<p>Pourtant, il faudra bien s&rsquo;aviser t\u00f4t ou tard de l&rsquo;ambigu\u00eft\u00e9 de la culture, voire de son imposture, car elle n&rsquo;est rien d&rsquo;autre qu&rsquo;une entreprise d&rsquo;usurpation du savoir.<\/p>\n","protected":false},"author":2,"featured_media":551,"comment_status":"closed","ping_status":"closed","sticky":false,"template":"","format":"standard","meta":{"footnotes":""},"categories":[10],"tags":[],"class_list":["post-550","post","type-post","status-publish","format-standard","has-post-thumbnail","hentry","category-citation"],"yoast_head":"<!-- This site is optimized with the Yoast SEO plugin v27.2 - https:\/\/yoast.com\/product\/yoast-seo-wordpress\/ -->\n<title>Lettre \u00e0 mes enfants et aux enfants du monde \u00e0 venir - Raoul Vaneigem - Maxime Coton<\/title>\n<meta name=\"robots\" content=\"index, follow, max-snippet:-1, max-image-preview:large, max-video-preview:-1\" \/>\n<link rel=\"canonical\" href=\"https:\/\/maximecoton.net\/index.php\/2015\/06\/28\/lettre-a-mes-enfants-et-aux-enfants-du-monde-a-venir-raoul-vaneigem\/\" \/>\n<meta property=\"og:locale\" content=\"fr_FR\" \/>\n<meta property=\"og:type\" content=\"article\" \/>\n<meta property=\"og:title\" content=\"Lettre \u00e0 mes enfants et aux enfants du monde \u00e0 venir - Raoul Vaneigem - Maxime Coton\" \/>\n<meta property=\"og:description\" content=\"Pourtant, il faudra bien s&rsquo;aviser t\u00f4t ou tard de l&rsquo;ambigu\u00eft\u00e9 de la culture, voire de son imposture, car elle n&rsquo;est rien d&rsquo;autre qu&rsquo;une entreprise d&rsquo;usurpation du savoir.\" \/>\n<meta property=\"og:url\" content=\"https:\/\/maximecoton.net\/index.php\/2015\/06\/28\/lettre-a-mes-enfants-et-aux-enfants-du-monde-a-venir-raoul-vaneigem\/\" \/>\n<meta property=\"og:site_name\" content=\"Maxime Coton\" \/>\n<meta property=\"article:published_time\" content=\"2015-06-28T09:25:06+00:00\" \/>\n<meta property=\"article:modified_time\" content=\"2019-08-01T14:06:41+00:00\" \/>\n<meta name=\"author\" content=\"Maxime Coton\" \/>\n<meta name=\"twitter:card\" content=\"summary_large_image\" \/>\n<meta name=\"twitter:label1\" content=\"\u00c9crit par\" \/>\n\t<meta name=\"twitter:data1\" content=\"Maxime Coton\" \/>\n\t<meta name=\"twitter:label2\" content=\"Dur\u00e9e de lecture estim\u00e9e\" \/>\n\t<meta name=\"twitter:data2\" content=\"1 minute\" \/>\n<script type=\"application\/ld+json\" class=\"yoast-schema-graph\">{\"@context\":\"https:\/\/schema.org\",\"@graph\":[{\"@type\":\"Article\",\"@id\":\"https:\/\/maximecoton.net\/index.php\/2015\/06\/28\/lettre-a-mes-enfants-et-aux-enfants-du-monde-a-venir-raoul-vaneigem\/#article\",\"isPartOf\":{\"@id\":\"https:\/\/maximecoton.net\/index.php\/2015\/06\/28\/lettre-a-mes-enfants-et-aux-enfants-du-monde-a-venir-raoul-vaneigem\/\"},\"author\":{\"name\":\"Maxime Coton\",\"@id\":\"https:\/\/maximecoton.net\/#\/schema\/person\/10042de1122bec53a43b061892192577\"},\"headline\":\"Lettre \u00e0 mes enfants et aux enfants du monde \u00e0 venir &#8211; Raoul Vaneigem\",\"datePublished\":\"2015-06-28T09:25:06+00:00\",\"dateModified\":\"2019-08-01T14:06:41+00:00\",\"mainEntityOfPage\":{\"@id\":\"https:\/\/maximecoton.net\/index.php\/2015\/06\/28\/lettre-a-mes-enfants-et-aux-enfants-du-monde-a-venir-raoul-vaneigem\/\"},\"wordCount\":173,\"image\":{\"@id\":\"https:\/\/maximecoton.net\/index.php\/2015\/06\/28\/lettre-a-mes-enfants-et-aux-enfants-du-monde-a-venir-raoul-vaneigem\/#primaryimage\"},\"thumbnailUrl\":\"\",\"articleSection\":[\"Citation\"],\"inLanguage\":\"fr-FR\"},{\"@type\":\"WebPage\",\"@id\":\"https:\/\/maximecoton.net\/index.php\/2015\/06\/28\/lettre-a-mes-enfants-et-aux-enfants-du-monde-a-venir-raoul-vaneigem\/\",\"url\":\"https:\/\/maximecoton.net\/index.php\/2015\/06\/28\/lettre-a-mes-enfants-et-aux-enfants-du-monde-a-venir-raoul-vaneigem\/\",\"name\":\"Lettre \u00e0 mes enfants et aux enfants du monde \u00e0 venir - Raoul Vaneigem - Maxime Coton\",\"isPartOf\":{\"@id\":\"https:\/\/maximecoton.net\/#website\"},\"primaryImageOfPage\":{\"@id\":\"https:\/\/maximecoton.net\/index.php\/2015\/06\/28\/lettre-a-mes-enfants-et-aux-enfants-du-monde-a-venir-raoul-vaneigem\/#primaryimage\"},\"image\":{\"@id\":\"https:\/\/maximecoton.net\/index.php\/2015\/06\/28\/lettre-a-mes-enfants-et-aux-enfants-du-monde-a-venir-raoul-vaneigem\/#primaryimage\"},\"thumbnailUrl\":\"\",\"datePublished\":\"2015-06-28T09:25:06+00:00\",\"dateModified\":\"2019-08-01T14:06:41+00:00\",\"author\":{\"@id\":\"https:\/\/maximecoton.net\/#\/schema\/person\/10042de1122bec53a43b061892192577\"},\"breadcrumb\":{\"@id\":\"https:\/\/maximecoton.net\/index.php\/2015\/06\/28\/lettre-a-mes-enfants-et-aux-enfants-du-monde-a-venir-raoul-vaneigem\/#breadcrumb\"},\"inLanguage\":\"fr-FR\",\"potentialAction\":[{\"@type\":\"ReadAction\",\"target\":[\"https:\/\/maximecoton.net\/index.php\/2015\/06\/28\/lettre-a-mes-enfants-et-aux-enfants-du-monde-a-venir-raoul-vaneigem\/\"]}]},{\"@type\":\"ImageObject\",\"inLanguage\":\"fr-FR\",\"@id\":\"https:\/\/maximecoton.net\/index.php\/2015\/06\/28\/lettre-a-mes-enfants-et-aux-enfants-du-monde-a-venir-raoul-vaneigem\/#primaryimage\",\"url\":\"\",\"contentUrl\":\"\"},{\"@type\":\"BreadcrumbList\",\"@id\":\"https:\/\/maximecoton.net\/index.php\/2015\/06\/28\/lettre-a-mes-enfants-et-aux-enfants-du-monde-a-venir-raoul-vaneigem\/#breadcrumb\",\"itemListElement\":[{\"@type\":\"ListItem\",\"position\":1,\"name\":\"Accueil\",\"item\":\"https:\/\/maximecoton.net\/\"},{\"@type\":\"ListItem\",\"position\":2,\"name\":\"Lettre \u00e0 mes enfants et aux enfants du monde \u00e0 venir &#8211; Raoul Vaneigem\"}]},{\"@type\":\"WebSite\",\"@id\":\"https:\/\/maximecoton.net\/#website\",\"url\":\"https:\/\/maximecoton.net\/\",\"name\":\"Maxime Coton\",\"description\":\"auteur\",\"potentialAction\":[{\"@type\":\"SearchAction\",\"target\":{\"@type\":\"EntryPoint\",\"urlTemplate\":\"https:\/\/maximecoton.net\/?s={search_term_string}\"},\"query-input\":{\"@type\":\"PropertyValueSpecification\",\"valueRequired\":true,\"valueName\":\"search_term_string\"}}],\"inLanguage\":\"fr-FR\"},{\"@type\":\"Person\",\"@id\":\"https:\/\/maximecoton.net\/#\/schema\/person\/10042de1122bec53a43b061892192577\",\"name\":\"Maxime Coton\",\"url\":\"https:\/\/maximecoton.net\/index.php\/author\/maxime-coton\/\"}]}<\/script>\n<!-- \/ Yoast SEO plugin. -->","yoast_head_json":{"title":"Lettre \u00e0 mes enfants et aux enfants du monde \u00e0 venir - Raoul Vaneigem - Maxime Coton","robots":{"index":"index","follow":"follow","max-snippet":"max-snippet:-1","max-image-preview":"max-image-preview:large","max-video-preview":"max-video-preview:-1"},"canonical":"https:\/\/maximecoton.net\/index.php\/2015\/06\/28\/lettre-a-mes-enfants-et-aux-enfants-du-monde-a-venir-raoul-vaneigem\/","og_locale":"fr_FR","og_type":"article","og_title":"Lettre \u00e0 mes enfants et aux enfants du monde \u00e0 venir - Raoul Vaneigem - Maxime Coton","og_description":"Pourtant, il faudra bien s&rsquo;aviser t\u00f4t ou tard de l&rsquo;ambigu\u00eft\u00e9 de la culture, voire de son imposture, car elle n&rsquo;est rien d&rsquo;autre qu&rsquo;une entreprise d&rsquo;usurpation du savoir.","og_url":"https:\/\/maximecoton.net\/index.php\/2015\/06\/28\/lettre-a-mes-enfants-et-aux-enfants-du-monde-a-venir-raoul-vaneigem\/","og_site_name":"Maxime Coton","article_published_time":"2015-06-28T09:25:06+00:00","article_modified_time":"2019-08-01T14:06:41+00:00","author":"Maxime Coton","twitter_card":"summary_large_image","twitter_misc":{"\u00c9crit par":"Maxime Coton","Dur\u00e9e de lecture estim\u00e9e":"1 minute"},"schema":{"@context":"https:\/\/schema.org","@graph":[{"@type":"Article","@id":"https:\/\/maximecoton.net\/index.php\/2015\/06\/28\/lettre-a-mes-enfants-et-aux-enfants-du-monde-a-venir-raoul-vaneigem\/#article","isPartOf":{"@id":"https:\/\/maximecoton.net\/index.php\/2015\/06\/28\/lettre-a-mes-enfants-et-aux-enfants-du-monde-a-venir-raoul-vaneigem\/"},"author":{"name":"Maxime Coton","@id":"https:\/\/maximecoton.net\/#\/schema\/person\/10042de1122bec53a43b061892192577"},"headline":"Lettre \u00e0 mes enfants et aux enfants du monde \u00e0 venir &#8211; Raoul Vaneigem","datePublished":"2015-06-28T09:25:06+00:00","dateModified":"2019-08-01T14:06:41+00:00","mainEntityOfPage":{"@id":"https:\/\/maximecoton.net\/index.php\/2015\/06\/28\/lettre-a-mes-enfants-et-aux-enfants-du-monde-a-venir-raoul-vaneigem\/"},"wordCount":173,"image":{"@id":"https:\/\/maximecoton.net\/index.php\/2015\/06\/28\/lettre-a-mes-enfants-et-aux-enfants-du-monde-a-venir-raoul-vaneigem\/#primaryimage"},"thumbnailUrl":"","articleSection":["Citation"],"inLanguage":"fr-FR"},{"@type":"WebPage","@id":"https:\/\/maximecoton.net\/index.php\/2015\/06\/28\/lettre-a-mes-enfants-et-aux-enfants-du-monde-a-venir-raoul-vaneigem\/","url":"https:\/\/maximecoton.net\/index.php\/2015\/06\/28\/lettre-a-mes-enfants-et-aux-enfants-du-monde-a-venir-raoul-vaneigem\/","name":"Lettre \u00e0 mes enfants et aux enfants du monde \u00e0 venir - Raoul Vaneigem - Maxime Coton","isPartOf":{"@id":"https:\/\/maximecoton.net\/#website"},"primaryImageOfPage":{"@id":"https:\/\/maximecoton.net\/index.php\/2015\/06\/28\/lettre-a-mes-enfants-et-aux-enfants-du-monde-a-venir-raoul-vaneigem\/#primaryimage"},"image":{"@id":"https:\/\/maximecoton.net\/index.php\/2015\/06\/28\/lettre-a-mes-enfants-et-aux-enfants-du-monde-a-venir-raoul-vaneigem\/#primaryimage"},"thumbnailUrl":"","datePublished":"2015-06-28T09:25:06+00:00","dateModified":"2019-08-01T14:06:41+00:00","author":{"@id":"https:\/\/maximecoton.net\/#\/schema\/person\/10042de1122bec53a43b061892192577"},"breadcrumb":{"@id":"https:\/\/maximecoton.net\/index.php\/2015\/06\/28\/lettre-a-mes-enfants-et-aux-enfants-du-monde-a-venir-raoul-vaneigem\/#breadcrumb"},"inLanguage":"fr-FR","potentialAction":[{"@type":"ReadAction","target":["https:\/\/maximecoton.net\/index.php\/2015\/06\/28\/lettre-a-mes-enfants-et-aux-enfants-du-monde-a-venir-raoul-vaneigem\/"]}]},{"@type":"ImageObject","inLanguage":"fr-FR","@id":"https:\/\/maximecoton.net\/index.php\/2015\/06\/28\/lettre-a-mes-enfants-et-aux-enfants-du-monde-a-venir-raoul-vaneigem\/#primaryimage","url":"","contentUrl":""},{"@type":"BreadcrumbList","@id":"https:\/\/maximecoton.net\/index.php\/2015\/06\/28\/lettre-a-mes-enfants-et-aux-enfants-du-monde-a-venir-raoul-vaneigem\/#breadcrumb","itemListElement":[{"@type":"ListItem","position":1,"name":"Accueil","item":"https:\/\/maximecoton.net\/"},{"@type":"ListItem","position":2,"name":"Lettre \u00e0 mes enfants et aux enfants du monde \u00e0 venir &#8211; Raoul Vaneigem"}]},{"@type":"WebSite","@id":"https:\/\/maximecoton.net\/#website","url":"https:\/\/maximecoton.net\/","name":"Maxime Coton","description":"auteur","potentialAction":[{"@type":"SearchAction","target":{"@type":"EntryPoint","urlTemplate":"https:\/\/maximecoton.net\/?s={search_term_string}"},"query-input":{"@type":"PropertyValueSpecification","valueRequired":true,"valueName":"search_term_string"}}],"inLanguage":"fr-FR"},{"@type":"Person","@id":"https:\/\/maximecoton.net\/#\/schema\/person\/10042de1122bec53a43b061892192577","name":"Maxime Coton","url":"https:\/\/maximecoton.net\/index.php\/author\/maxime-coton\/"}]}},"_links":{"self":[{"href":"https:\/\/maximecoton.net\/index.php\/wp-json\/wp\/v2\/posts\/550","targetHints":{"allow":["GET"]}}],"collection":[{"href":"https:\/\/maximecoton.net\/index.php\/wp-json\/wp\/v2\/posts"}],"about":[{"href":"https:\/\/maximecoton.net\/index.php\/wp-json\/wp\/v2\/types\/post"}],"author":[{"embeddable":true,"href":"https:\/\/maximecoton.net\/index.php\/wp-json\/wp\/v2\/users\/2"}],"replies":[{"embeddable":true,"href":"https:\/\/maximecoton.net\/index.php\/wp-json\/wp\/v2\/comments?post=550"}],"version-history":[{"count":1,"href":"https:\/\/maximecoton.net\/index.php\/wp-json\/wp\/v2\/posts\/550\/revisions"}],"predecessor-version":[{"id":884,"href":"https:\/\/maximecoton.net\/index.php\/wp-json\/wp\/v2\/posts\/550\/revisions\/884"}],"wp:featuredmedia":[{"embeddable":true,"href":"https:\/\/maximecoton.net\/index.php\/wp-json\/"}],"wp:attachment":[{"href":"https:\/\/maximecoton.net\/index.php\/wp-json\/wp\/v2\/media?parent=550"}],"wp:term":[{"taxonomy":"category","embeddable":true,"href":"https:\/\/maximecoton.net\/index.php\/wp-json\/wp\/v2\/categories?post=550"},{"taxonomy":"post_tag","embeddable":true,"href":"https:\/\/maximecoton.net\/index.php\/wp-json\/wp\/v2\/tags?post=550"}],"curies":[{"name":"wp","href":"https:\/\/api.w.org\/{rel}","templated":true}]}}